{"id":509,"date":"2011-12-16T07:37:09","date_gmt":"2011-12-16T05:37:09","guid":{"rendered":"http:\/\/www.astrobobo.net\/?p=509"},"modified":"2023-07-12T08:48:10","modified_gmt":"2023-07-12T06:48:10","slug":"apod-3-12-2011","status":"publish","type":"post","link":"https:\/\/www.astrobobo.net\/?p=509","title":{"rendered":"APOD 3.12.2011."},"content":{"rendered":"<p>Moram se pohvaliti da je jedna moja fotografija dospjela na <a href=\"http:\/\/apod.nasa.gov\/apod\/astropix.html\" target=\"_blank\" rel=\"noopener\">Astronomy Picture of the Day<\/a>! Pojavila se 3.12., a snimljena je dva dana prije toga. Pokazuje <a href=\"http:\/\/apod.nasa.gov\/apod\/ap111203.html\" target=\"_blank\" rel=\"noopener\">zvjezdane tragove iznad magle u Zagorju<\/a>. Snimljena je sa sjevernog obronka Medvednice, sa popularnog &#8220;astronomskog zavoja&#8221; podno Hunjke. Tu fotografiju sam planirao snimiti ve\u0107 dulje vremena, jo\u0161 od 2007. kada sam snimio isti motiv sa istog mjesta, ali nisam ba\u0161 dobro pogodio kadar, a vrijeme ekspozicije je bilo ni vrit ni mimo &#8211; niti dovoljno kratko niti dovoljno dugo.<\/p>\n<p>I ovaj puta sam snimao sa Mamiyom Super 23. Prva ekspozicija trajala je dva sata sa objektivom 100mm:<\/p>\n<p><a href=\"http:\/\/www.astrobobo.net\/wordpress\/wp-content\/uploads\/2009\/11\/SljemeMagla-startrails_2011-12-01_01-obrada.jpg\"><img fetchpriority=\"high\" decoding=\"async\" data-attachment-id=\"507\" data-permalink=\"https:\/\/www.astrobobo.net\/?attachment_id=507\" data-orig-file=\"https:\/\/www.astrobobo.net\/wordpress\/wp-content\/uploads\/2009\/11\/SljemeMagla-startrails_2011-12-01_01-obrada.jpg\" data-orig-size=\"693,1000\" data-comments-opened=\"1\" data-image-meta=\"{&quot;aperture&quot;:&quot;0&quot;,&quot;credit&quot;:&quot;&quot;,&quot;camera&quot;:&quot;&quot;,&quot;caption&quot;:&quot;&quot;,&quot;created_timestamp&quot;:&quot;0&quot;,&quot;copyright&quot;:&quot;Boris \\u00c5\\u00a0tromar&quot;,&quot;focal_length&quot;:&quot;0&quot;,&quot;iso&quot;:&quot;0&quot;,&quot;shutter_speed&quot;:&quot;0&quot;,&quot;title&quot;:&quot;&quot;}\" data-image-title=\"Zvjezdani tragovi sa Medvednice, 1.12.2011.\" data-image-description=\"\" data-image-caption=\"&lt;p&gt;Tragovi zvijezda i magla osvjetljena umjetnom rasvjetom u Zagorju.&lt;\/p&gt;\n\" data-large-file=\"https:\/\/www.astrobobo.net\/wordpress\/wp-content\/uploads\/2009\/11\/SljemeMagla-startrails_2011-12-01_01-obrada.jpg\" class=\"aligncenter size-medium wp-image-507\" title=\"Zvjezdani tragovi sa Medvednice, 1.12.2011.\" src=\"http:\/\/www.astrobobo.net\/wordpress\/wp-content\/uploads\/2009\/11\/SljemeMagla-startrails_2011-12-01_01-obrada-207x300.jpg\" alt=\"\" width=\"207\" height=\"300\" srcset=\"https:\/\/www.astrobobo.net\/wordpress\/wp-content\/uploads\/2009\/11\/SljemeMagla-startrails_2011-12-01_01-obrada-207x300.jpg 207w, https:\/\/www.astrobobo.net\/wordpress\/wp-content\/uploads\/2009\/11\/SljemeMagla-startrails_2011-12-01_01-obrada-138x200.jpg 138w, https:\/\/www.astrobobo.net\/wordpress\/wp-content\/uploads\/2009\/11\/SljemeMagla-startrails_2011-12-01_01-obrada.jpg 693w\" sizes=\"(max-width: 207px) 100vw, 207px\" \/><\/a><\/p>\n<p>..a druga koju su izabrali za APOD bila je tek usputna, da vidim kako \u0107e ispasti malo druk\u010diji kadar sa 150mm objektivom i 5 minuta ekspozicije:<\/p>\n<p><a href=\"http:\/\/www.astrobobo.net\/wordpress\/wp-content\/uploads\/2009\/11\/SljemeMagla-startrails_2011-12-01_02.jpg\"><img decoding=\"async\" data-attachment-id=\"508\" data-permalink=\"https:\/\/www.astrobobo.net\/?attachment_id=508\" data-orig-file=\"https:\/\/www.astrobobo.net\/wordpress\/wp-content\/uploads\/2009\/11\/SljemeMagla-startrails_2011-12-01_02.jpg\" data-orig-size=\"1200,808\" data-comments-opened=\"1\" data-image-meta=\"{&quot;aperture&quot;:&quot;0&quot;,&quot;credit&quot;:&quot;&quot;,&quot;camera&quot;:&quot;&quot;,&quot;caption&quot;:&quot;&quot;,&quot;created_timestamp&quot;:&quot;0&quot;,&quot;copyright&quot;:&quot;Boris \\u00c5\\u00a0tromar&quot;,&quot;focal_length&quot;:&quot;0&quot;,&quot;iso&quot;:&quot;0&quot;,&quot;shutter_speed&quot;:&quot;0&quot;,&quot;title&quot;:&quot;&quot;}\" data-image-title=\"Zvjezdani tragovi sa Medvednice, 1.12.2011. (APOD 3.12.2011.)\" data-image-description=\"\" data-image-caption=\"\" data-large-file=\"https:\/\/www.astrobobo.net\/wordpress\/wp-content\/uploads\/2009\/11\/SljemeMagla-startrails_2011-12-01_02-1024x689.jpg\" class=\"aligncenter size-medium wp-image-508\" title=\"Zvjezdani tragovi sa Medvednice, 1.12.2011. (APOD 3.12.2011.)\" src=\"http:\/\/www.astrobobo.net\/wordpress\/wp-content\/uploads\/2009\/11\/SljemeMagla-startrails_2011-12-01_02-445x300.jpg\" alt=\"\" width=\"445\" height=\"300\" srcset=\"https:\/\/www.astrobobo.net\/wordpress\/wp-content\/uploads\/2009\/11\/SljemeMagla-startrails_2011-12-01_02-445x300.jpg 445w, https:\/\/www.astrobobo.net\/wordpress\/wp-content\/uploads\/2009\/11\/SljemeMagla-startrails_2011-12-01_02-297x200.jpg 297w, https:\/\/www.astrobobo.net\/wordpress\/wp-content\/uploads\/2009\/11\/SljemeMagla-startrails_2011-12-01_02-1024x689.jpg 1024w, https:\/\/www.astrobobo.net\/wordpress\/wp-content\/uploads\/2009\/11\/SljemeMagla-startrails_2011-12-01_02.jpg 1200w\" sizes=\"(max-width: 445px) 100vw, 445px\" \/><\/a><\/p>\n<p>Iako su me \u017eivcirala svjetla od ku\u0107ice, ostavio sam ju u kadru da se dobije neki ljudski faktor u ovoj prili\u010dno bajkovitoj sceni. Ako uspore\u0111ujete boje javne rasvjete na obje fotografije vidjeti \u0107ete da se razlikuju, a to je pone\u0161to zbog \u010dinjenice da je prva fotka lagano preeksponirana, a pone\u0161to zbog obrade.<\/p>\n<p>Zahvaljuju\u0107i APODu (a naravno i novinarko Tanji Rude\u017e koja voli pisati o astronomiji) fotka je zavr\u0161ila i u Jutarnjem listu 8.12., a op\u0161irniji \u010dlanak biti \u0107e u nedjelju 18.12.<\/p>\n<p>Jel to sad zna\u010di da sam slavni astrofotograf? \ud83d\ude06<\/p>\n<p>&nbsp;<\/p>\n<p>&nbsp;<\/p>\n","protected":false},"excerpt":{"rendered":"<p>Moram se pohvaliti da je jedna moja fotografija dospjela na Astronomy Picture of the Day! Pojavila se 3.12., a snimljena je dva dana prije toga. Pokazuje zvjezdane tragove iznad magle u Zagorju. Snimljena je sa sjevernog obronka Medvednice, sa popularnog &#8220;astronomskog zavoja&#8221; podno Hunjke. Tu fotografiju sam planirao snimiti ve\u0107 dulje vremena, jo\u0161 od 2007. [&hellip;]<\/p>\n","protected":false},"author":1,"featured_media":0,"comment_status":"open","ping_status":"open","sticky":false,"template":"","format":"gallery","meta":{"_acf_changed":false,"_jetpack_memberships_contains_paid_content":false,"footnotes":""},"categories":[3],"tags":[],"class_list":["post-509","post","type-post","status-publish","format-gallery","hentry","category-astrofotografija","post_format-post-format-gallery"],"acf":[],"aioseo_notices":[],"jetpack_featured_media_url":"","jetpack_sharing_enabled":true,"amp_enabled":true,"_links":{"self":[{"href":"https:\/\/www.astrobobo.net\/index.php?rest_route=\/wp\/v2\/posts\/509","targetHints":{"allow":["GET"]}}],"collection":[{"href":"https:\/\/www.astrobobo.net\/index.php?rest_route=\/wp\/v2\/posts"}],"about":[{"href":"https:\/\/www.astrobobo.net\/index.php?rest_route=\/wp\/v2\/types\/post"}],"author":[{"embeddable":true,"href":"https:\/\/www.astrobobo.net\/index.php?rest_route=\/wp\/v2\/users\/1"}],"replies":[{"embeddable":true,"href":"https:\/\/www.astrobobo.net\/index.php?rest_route=%2Fwp%2Fv2%2Fcomments&post=509"}],"version-history":[{"count":3,"href":"https:\/\/www.astrobobo.net\/index.php?rest_route=\/wp\/v2\/posts\/509\/revisions"}],"predecessor-version":[{"id":3341,"href":"https:\/\/www.astrobobo.net\/index.php?rest_route=\/wp\/v2\/posts\/509\/revisions\/3341"}],"wp:attachment":[{"href":"https:\/\/www.astrobobo.net\/index.php?rest_route=%2Fwp%2Fv2%2Fmedia&parent=509"}],"wp:term":[{"taxonomy":"category","embeddable":true,"href":"https:\/\/www.astrobobo.net\/index.php?rest_route=%2Fwp%2Fv2%2Fcategories&post=509"},{"taxonomy":"post_tag","embeddable":true,"href":"https:\/\/www.astrobobo.net\/index.php?rest_route=%2Fwp%2Fv2%2Ftags&post=509"}],"curies":[{"name":"wp","href":"https:\/\/api.w.org\/{rel}","templated":true}]}}